{"id":10713,"date":"2025-05-30T22:42:29","date_gmt":"2025-05-30T22:42:29","guid":{"rendered":"https:\/\/diverseproject.uqo.ca\/?p=10713"},"modified":"2025-07-11T18:30:37","modified_gmt":"2025-07-11T18:30:37","slug":"an-interview-with-doug-turner-from-west-fraser","status":"publish","type":"post","link":"https:\/\/diverseproject.uqo.ca\/fr\/2025\/05\/30\/an-interview-with-doug-turner-from-west-fraser\/","title":{"rendered":"Une entrevue avec Doug Turner de West Fraser"},"content":{"rendered":"<figure class=\"wp-block-image size-full\"><img loading=\"lazy\" decoding=\"async\" width=\"1024\" height=\"768\" src=\"https:\/\/diverseproject.uqo.ca\/wp-content\/uploads\/2025\/05\/doug-blogpost.jpg\" alt=\"\" class=\"wp-image-10716\" srcset=\"https:\/\/diverseproject.uqo.ca\/wp-content\/uploads\/2025\/05\/doug-blogpost.jpg 1024w, https:\/\/diverseproject.uqo.ca\/wp-content\/uploads\/2025\/05\/doug-blogpost-300x225.jpg 300w, https:\/\/diverseproject.uqo.ca\/wp-content\/uploads\/2025\/05\/doug-blogpost-768x576.jpg 768w, https:\/\/diverseproject.uqo.ca\/wp-content\/uploads\/2025\/05\/doug-blogpost-16x12.jpg 16w\" sizes=\"auto, (max-width: 1024px) 100vw, 1024px\" \/><figcaption class=\"wp-element-caption\">Doug Turner <strong>RPF&nbsp;<\/strong>| Superintendant de l'intendance foresti\u00e8re de l'Alberta pour West Fraser<\/figcaption><\/figure>\n\n\n\n<p class=\"\">\u00c9tant l'un des premiers partenaires \u00e0 d\u00e9velopper le projet avec l'\u00e9quipe de recherche, Doug Turner \u00e9tait au c\u0153ur de DIVERSE avant m\u00eame le d\u00e9but du projet. Au printemps, nous avons eu la chance de lui poser quelques questions sur son implication dans le projet et sur l'int\u00e9r\u00eat qu'il voit \u00e0 s'engager dans des projets de recherche tels que DIVERSE.<\/p>\n\n\n\n<p class=\"\"><strong>Pouvez-vous nous d\u00e9crire bri\u00e8vement votre organisation et son r\u00f4le dans l'industrie foresti\u00e8re canadienne ?<\/strong><br>West Fraser est l'un des leaders mondiaux de la fabrication de produits de construction en bois renouvelable, et le plus grand fabricant de bois d'\u0153uvre au Canada. Fond\u00e9e en 1955 \u00e0 Quesnel, en Colombie-Britannique, lorsque trois fr\u00e8res - Sam, Bill et Pete Ketcham - ont achet\u00e9 une petite usine de rabotage comptant 12 employ\u00e9s.<\/p>\n\n\n\n<p class=\"\">De l\u00e0, West Fraser s'est d\u00e9velopp\u00e9 et compte plus de 50 installations au Canada (Colombie-Britannique, Alberta, Ontario et Qu\u00e9bec), aux \u00c9tats-Unis, au Royaume-Uni et en Europe. En tant qu'entreprise, West Fraser produit du bois d'\u0153uvre, des produits en bois d'ing\u00e9nierie (panneaux \u00e0 copeaux orient\u00e9s, panneaux de fibres \u00e0 densit\u00e9 moyenne, panneaux de particules, contreplaqu\u00e9s et bois de placage stratifi\u00e9), de la p\u00e2te \u00e0 papier, du papier journal, des copeaux de bois, des r\u00e9sidus de fabrication de produits forestiers et de l'\u00e9nergie renouvelable. <\/p>\n\n\n\n<p class=\"\">Le bois d'\u0153uvre de West Fraser est fabriqu\u00e9 \u00e0 partir d'\u00e9pinette, de pin et de sapin, ou de pin jaune du Sud dans nos op\u00e9rations am\u00e9ricaines. La principale mati\u00e8re premi\u00e8re pour nos panneaux OSB est le peuplier faux-tremble. West Fraser emploie directement environ 10 000 personnes, et de nombreuses autres personnes sont employ\u00e9es dans les domaines de l'approvisionnement en ressources et en services, de la distribution et de la gestion. West Fraser est \u00e9galement responsable de 8,2 millions d'hectares de terres foresti\u00e8res appartenant au gouvernement dans l'ouest du Canada, en vertu de divers accords de concession.<\/p>\n\n\n\n<figure class=\"wp-block-table\"><table class=\"has-fixed-layout\"><tbody><tr><td>Ann\u00e9e de cr\u00e9ation <\/td><td>1955<\/td><\/tr><tr><td>Si\u00e8ge social<\/td><td>Vancouver<\/td><\/tr><tr><td>Hectares de for\u00eats g\u00e9r\u00e9es<\/td><td>10.8 millions<\/td><\/tr><tr><td>Nombre d'employ\u00e9Es<\/td><td><br>10,000 employ\u00e9Es directes<\/td><\/tr><tr><td>Esp\u00e8ce d'arbre pr\u00e9f\u00e9r\u00e9e<\/td><td>Impossible \u00e0 dire<\/td><\/tr><\/tbody><\/table><\/figure>\n\n\n\n<p class=\"\"><strong>Pourquoi votre organisation est-elle enthousiaste \u00e0 l'id\u00e9e de participer au projet DIVERSE ?<\/strong><br>En tant que gestionnaire d'une importante zone foresti\u00e8re, West Fraser est conscient des effets du changement climatique sur la for\u00eat, qu'il s'agisse de l'\u00e9volution et de l'aggravation des feux de for\u00eat, des vents violents, de la gr\u00eale, des \u00e9pisodes de chaleur extr\u00eame, des \u00e9pid\u00e9mies d'insectes, des probl\u00e8mes de maladies, ou des effets de la s\u00e9cheresse sur la for\u00eat.<\/p>\n\n\n\n<p class=\"\">DIVERSE offre \u00e0 West Fraser l'occasion d'en apprendre davantage sur les d\u00e9fis auxquels nous sommes confront\u00e9s sur le<br>terrain et sur la mani\u00e8re de renforcer la r\u00e9silience en r\u00e9ponse aux d\u00e9fis pos\u00e9s par le changement climatique. DIVERSE fait \u00e9galement partie d'un certain nombre d'initiatives climatiques men\u00e9es par West Fraser pour \u00e9valuer les vuln\u00e9rabilit\u00e9s et d\u00e9velopper des solutions pour att\u00e9nuer les impacts climatiques et s'adapter \u00e0 un climat changeant.<\/p>\n\n\n\n<p class=\"\"><strong>\u00c0 quelle question ou sujet de recherche esp\u00e9rez-vous que le projet DIVERSE puisse r\u00e9pondre ?<\/strong><br>\u00c9valuer la r\u00e9silience au changement climatique des quatre zones g\u00e9r\u00e9es par West Fraser qui se sont engag\u00e9es dans le programme et rechercher les possibilit\u00e9s de renforcer la r\u00e9silience climatique de ces zones. Nous pourrons alors explorer les connaissances qui peuvent \u00eatre transf\u00e9r\u00e9es \u00e0 d'autres zones g\u00e9r\u00e9es par West Fraser. La question des nouvelles m\u00e9thodes sylvicoles, des provenances et des essences d'arbres est particuli\u00e8rement int\u00e9ressante, ainsi que la mani\u00e8re dont elles peuvent \u00eatre utilis\u00e9es pour inoculer la for\u00eat contre les futurs extr\u00eames climatiques.<\/p>\n\n\n\n<div style=\"height:44px\" aria-hidden=\"true\" class=\"wp-block-spacer\"><\/div>\n\n\n\n<figure class=\"wp-block-image\"><img loading=\"lazy\" decoding=\"async\" width=\"1024\" height=\"769\" src=\"https:\/\/diverseproject.uqo.ca\/wp-content\/uploads\/2025\/05\/doug-sundre-blog3-1024x769.jpg\" alt=\"\" class=\"wp-image-10717\" srcset=\"https:\/\/diverseproject.uqo.ca\/wp-content\/uploads\/2025\/05\/doug-sundre-blog3-1024x769.jpg 1024w, https:\/\/diverseproject.uqo.ca\/wp-content\/uploads\/2025\/05\/doug-sundre-blog3-300x225.jpg 300w, https:\/\/diverseproject.uqo.ca\/wp-content\/uploads\/2025\/05\/doug-sundre-blog3-768x576.jpg 768w, https:\/\/diverseproject.uqo.ca\/wp-content\/uploads\/2025\/05\/doug-sundre-blog3-16x12.jpg 16w, https:\/\/diverseproject.uqo.ca\/wp-content\/uploads\/2025\/05\/doug-sundre-blog3.jpg 1439w\" sizes=\"auto, (max-width: 1024px) 100vw, 1024px\" \/><figcaption class=\"wp-element-caption\">Doug Turner travaillant sur le terrain sur le site de Sundre, Alberta<\/figcaption><\/figure>\n\n\n\n<p class=\"\"><strong>Quelles pratiques ou technologies innovantes votre organisation utilise-t-elle pour soutenir la gestion foresti\u00e8re ?<\/strong><br>La recherche, la recherche appliqu\u00e9e et l'int\u00e9gration de l'\u00e9tat actuel des connaissances et de l'innovation dans nos politiques et pratiques de gestion foresti\u00e8re.<\/p>\n\n\n\n<p class=\"\"><strong>Quels sont les plus grands d\u00e9fis auxquels votre organisation est confront\u00e9e dans l'industrie foresti\u00e8re aujourd'hui ?<\/strong><br>Comme pour toutes les entreprises de produits forestiers, les d\u00e9fis les plus importants sont ceux li\u00e9s \u00e0 l'incertitude des march\u00e9s des produits forestiers et aux d\u00e9fis pos\u00e9s par le changement climatique.<\/p>\n\n\n\n<p class=\"\"><strong>Qu'attendez-vous de votre collaboration avec DIVERSE ?<\/strong><br>West Fraser s'attend \u00e0 ce que la recherche apporte des id\u00e9es sur la mani\u00e8re d'am\u00e9liorer la r\u00e9silience des for\u00eats que nous g\u00e9rons. Il est tout aussi important que cette recherche identifie de nouvelles questions qui devront \u00eatre approfondies, en particulier dans la mesure o\u00f9 le changement climatique repr\u00e9sente un d\u00e9fi dynamique en constante \u00e9volution.<\/p>\n\n\n\n<p class=\"\"><strong>Quels sont les objectifs de votre organisation pour les 5 \u00e0 10 prochaines ann\u00e9es ?<\/strong><br>La poursuite de la strat\u00e9gie climatique de West Fraser et l'am\u00e9lioration continue de la performance environnementale et de la r\u00e9silience climatique de West Fraser, tout en produisant des produits forestiers d'origine durable n\u00e9cessaires pour r\u00e9pondre aux besoins de la soci\u00e9t\u00e9 en mati\u00e8re de construction.<\/p>\n\n\n\n<p class=\"\"><strong>Avez-vous un fait unique ou peu connu \u00e0 partager \u00e0 propos de votre organisation ?<\/strong><br>Environ 77 % de l'\u00e9nergie de West Fraser provient de sources renouvelables, et nous produisons 72 % de nos besoins \u00e9nerg\u00e9tiques \u00e0 partir de combustibles de biomasse neutres en carbone provenant de nos op\u00e9rations de traitement du bois.<br>West Fraser continue d'investir dans des projets visant \u00e0 accro\u00eetre son efficacit\u00e9 \u00e9nerg\u00e9tique et \u00e0 produire de l'\u00e9lectricit\u00e9 \u00e0 partir de produits d\u00e9riv\u00e9s du processus de fabrication, tels que les r\u00e9sidus de bois.<\/p>\n\n\n\n<p class=\"\">West Fraser a \u00e9galement investi dans un contrat d'achat d'\u00e9lectricit\u00e9 de 10 ans pour l'\u00e9nergie produite par le projet d'\u00e9oliennes de Lanfine en Alberta, recevant 50 % de la capacit\u00e9 de 75 m\u00e9gawatts (MW) du projet, produisant 284 000 MW\/an, soit l'\u00e9quivalent de l'\u00e9nergie n\u00e9cessaire pour alimenter 39 000 foyers, ce qui contribue \u00e0 r\u00e9duire l'empreinte carbone du r\u00e9seau \u00e9lectrique de l'Alberta et des activit\u00e9s de West Fraser dans cette province (voir le graphique ci-dessous).<\/p>\n\n\n\n<div style=\"height:34px\" aria-hidden=\"true\" class=\"wp-block-spacer\"><\/div>\n\n\n\n<figure class=\"wp-block-image size-large\"><img loading=\"lazy\" decoding=\"async\" width=\"1024\" height=\"562\" src=\"https:\/\/diverseproject.uqo.ca\/wp-content\/uploads\/2025\/05\/west-fraser-image-spotlight-1024x562.jpg\" alt=\"\" class=\"wp-image-10714\" srcset=\"https:\/\/diverseproject.uqo.ca\/wp-content\/uploads\/2025\/05\/west-fraser-image-spotlight-1024x562.jpg 1024w, https:\/\/diverseproject.uqo.ca\/wp-content\/uploads\/2025\/05\/west-fraser-image-spotlight-300x165.jpg 300w, https:\/\/diverseproject.uqo.ca\/wp-content\/uploads\/2025\/05\/west-fraser-image-spotlight-768x421.jpg 768w, https:\/\/diverseproject.uqo.ca\/wp-content\/uploads\/2025\/05\/west-fraser-image-spotlight-18x10.jpg 18w, https:\/\/diverseproject.uqo.ca\/wp-content\/uploads\/2025\/05\/west-fraser-image-spotlight.jpg 1417w\" sizes=\"auto, (max-width: 1024px) 100vw, 1024px\" \/><\/figure>\n\n\n\n<p class=\"\"><br><em>Merci Doug d'avoir pris le temps de r\u00e9pondre \u00e0 ces questions et pour cette pr\u00e9cieuse aide \u00e0 la diversification des for\u00eats canadiennes !<\/em><\/p>","protected":false},"excerpt":{"rendered":"<p>Doug Turner has been at the heart of DIVERSE before the project even started, being one of the first partners to develop the project with the research team. In the spring, we had the chance to ask him a few questions about his involvement in the project and the value he sees in engaging in [&hellip;]<\/p>\n","protected":false},"author":6,"featured_media":10716,"comment_status":"closed","ping_status":"open","sticky":false,"template":"","format":"standard","meta":{"nf_dc_page":"","footnotes":"","_links_to":"","_links_to_target":""},"categories":[101,127],"tags":[],"class_list":["post-10713","post","type-post","status-publish","format-standard","has-post-thumbnail","hentry","category-news","category-spotlights"],"_links":{"self":[{"href":"https:\/\/diverseproject.uqo.ca\/fr\/wp-json\/wp\/v2\/posts\/10713","targetHints":{"allow":["GET"]}}],"collection":[{"href":"https:\/\/diverseproject.uqo.ca\/fr\/wp-json\/wp\/v2\/posts"}],"about":[{"href":"https:\/\/diverseproject.uqo.ca\/fr\/wp-json\/wp\/v2\/types\/post"}],"author":[{"embeddable":true,"href":"https:\/\/diverseproject.uqo.ca\/fr\/wp-json\/wp\/v2\/users\/6"}],"replies":[{"embeddable":true,"href":"https:\/\/diverseproject.uqo.ca\/fr\/wp-json\/wp\/v2\/comments?post=10713"}],"version-history":[{"count":5,"href":"https:\/\/diverseproject.uqo.ca\/fr\/wp-json\/wp\/v2\/posts\/10713\/revisions"}],"predecessor-version":[{"id":10774,"href":"https:\/\/diverseproject.uqo.ca\/fr\/wp-json\/wp\/v2\/posts\/10713\/revisions\/10774"}],"wp:featuredmedia":[{"embeddable":true,"href":"https:\/\/diverseproject.uqo.ca\/fr\/wp-json\/wp\/v2\/media\/10716"}],"wp:attachment":[{"href":"https:\/\/diverseproject.uqo.ca\/fr\/wp-json\/wp\/v2\/media?parent=10713"}],"wp:term":[{"taxonomy":"category","embeddable":true,"href":"https:\/\/diverseproject.uqo.ca\/fr\/wp-json\/wp\/v2\/categories?post=10713"},{"taxonomy":"post_tag","embeddable":true,"href":"https:\/\/diverseproject.uqo.ca\/fr\/wp-json\/wp\/v2\/tags?post=10713"}],"curies":[{"name":"wp","href":"https:\/\/api.w.org\/{rel}","templated":true}]}}